[{"@context":"https:\/\/schema.org\/","@type":"Blog","@id":"https:\/\/www.inton.cz#Blog","headline":"Inton","description":"\nPot\u0159ebujete n\u011bco, ale ob\u00e1v\u00e1te se, \u017ee si to ve sv\u00e9 finan\u010dn\u00ed situaci nem\u016f\u017eete dovolit? Pak se nezdr\u00e1hejte zkusit sv\u00e9 \u0161t\u011bst\u00ed na na\u0161em v\u00fdhodn\u00e9m webu.","url":"https:\/\/www.inton.cz","hasPart":[{"@type":"Article","@id":"https:\/\/www.inton.cz\/prvni-boticky-pro-nase-deticky\/","headline":"Prvn\u00ed boti\u010dky pro na\u0161e d\u011bti\u010dky","url":"https:\/\/www.inton.cz\/prvni-boticky-pro-nase-deticky\/","datePublished":"2025-09-28","dateModified":"2025-09-28","mainEntityOfPage":"https:\/\/www.inton.cz\/prvni-boticky-pro-nase-deticky\/","author":{"@type":"Person","@id":"https:\/\/www.inton.cz\/author\/#Person","name":"","url":"https:\/\/www.inton.cz\/author\/","identifier":1,"image":{"@type":"ImageObject","@id":"https:\/\/secure.gravatar.com\/avatar\/cbcb92d2d459f60d1dc08d6e5973c6b0ed1017e8a3b51da0599e03841cfa81e6?s=96&d=mm&r=g","url":"https:\/\/secure.gravatar.com\/avatar\/cbcb92d2d459f60d1dc08d6e5973c6b0ed1017e8a3b51da0599e03841cfa81e6?s=96&d=mm&r=g","height":96,"width":96}},"publisher":{"@type":"Organization","name":"inton.cz","logo":{"@type":"ImageObject","@id":"\/logo.png","url":"\/logo.png","width":600,"height":60}},"image":null,"wordCount":539,"keywords":null},{"@type":"Article","@id":"https:\/\/www.inton.cz\/spotrebice-si-prohlizejte-zvenku-i-zevnitr-pekny-vzhled-neni-vse\/","headline":"Spot\u0159ebi\u010de si prohl\u00ed\u017eejte zvenku i zevnit\u0159  P\u011bkn\u00fd vzhled nen\u00ed v\u0161e","url":"https:\/\/www.inton.cz\/spotrebice-si-prohlizejte-zvenku-i-zevnitr-pekny-vzhled-neni-vse\/","datePublished":"2025-08-26","dateModified":"2025-08-26","mainEntityOfPage":"https:\/\/www.inton.cz\/spotrebice-si-prohlizejte-zvenku-i-zevnitr-pekny-vzhled-neni-vse\/","author":{"@type":"Person","@id":"https:\/\/www.inton.cz\/author\/#Person","name":"","url":"https:\/\/www.inton.cz\/author\/","identifier":1,"image":{"@type":"ImageObject","@id":"https:\/\/secure.gravatar.com\/avatar\/cbcb92d2d459f60d1dc08d6e5973c6b0ed1017e8a3b51da0599e03841cfa81e6?s=96&d=mm&r=g","url":"https:\/\/secure.gravatar.com\/avatar\/cbcb92d2d459f60d1dc08d6e5973c6b0ed1017e8a3b51da0599e03841cfa81e6?s=96&d=mm&r=g","height":96,"width":96}},"publisher":{"@type":"Organization","name":"inton.cz","logo":{"@type":"ImageObject","@id":"\/logo.png","url":"\/logo.png","width":600,"height":60}},"image":{"@type":"ImageObject","@id":"https:\/\/www.inton.cz\/wp-content\/uploads\/img_a294092_w2176_t1506015822.jpg","url":"https:\/\/www.inton.cz\/wp-content\/uploads\/img_a294092_w2176_t1506015822.jpg","height":0,"width":0},"wordCount":513,"keywords":null},{"@type":"Article","@id":"https:\/\/www.inton.cz\/proc-zvolit-cernou-solarni-plachtu\/","headline":"Pro\u010d zvolit \u010dernou sol\u00e1rn\u00ed plachtu","url":"https:\/\/www.inton.cz\/proc-zvolit-cernou-solarni-plachtu\/","datePublished":"2025-05-16","dateModified":"2025-05-16","mainEntityOfPage":"https:\/\/www.inton.cz\/proc-zvolit-cernou-solarni-plachtu\/","author":{"@type":"Person","@id":"https:\/\/www.inton.cz\/author\/#Person","name":"","url":"https:\/\/www.inton.cz\/author\/","identifier":1,"image":{"@type":"ImageObject","@id":"https:\/\/secure.gravatar.com\/avatar\/cbcb92d2d459f60d1dc08d6e5973c6b0ed1017e8a3b51da0599e03841cfa81e6?s=96&d=mm&r=g","url":"https:\/\/secure.gravatar.com\/avatar\/cbcb92d2d459f60d1dc08d6e5973c6b0ed1017e8a3b51da0599e03841cfa81e6?s=96&d=mm&r=g","height":96,"width":96}},"publisher":{"@type":"Organization","name":"inton.cz","logo":{"@type":"ImageObject","@id":"\/logo.png","url":"\/logo.png","width":600,"height":60}},"image":{"@type":"ImageObject","@id":"https:\/\/www.inton.cz\/wp-content\/uploads\/folie%20baz%C3%A9n.jpg","url":"https:\/\/www.inton.cz\/wp-content\/uploads\/folie%20baz%C3%A9n.jpg","height":0,"width":0},"wordCount":686,"keywords":null},{"@type":"Article","@id":"https:\/\/www.inton.cz\/jak-si-spravne-vybrat-toho-praveho-muze\/","headline":"Jak si spr\u00e1vn\u011b vybrat toho prav\u00e9ho mu\u017ee","url":"https:\/\/www.inton.cz\/jak-si-spravne-vybrat-toho-praveho-muze\/","datePublished":"2025-05-16","dateModified":"2025-05-16","mainEntityOfPage":"https:\/\/www.inton.cz\/jak-si-spravne-vybrat-toho-praveho-muze\/","author":{"@type":"Person","@id":"https:\/\/www.inton.cz\/author\/#Person","name":"","url":"https:\/\/www.inton.cz\/author\/","identifier":1,"image":{"@type":"ImageObject","@id":"https:\/\/secure.gravatar.com\/avatar\/cbcb92d2d459f60d1dc08d6e5973c6b0ed1017e8a3b51da0599e03841cfa81e6?s=96&d=mm&r=g","url":"https:\/\/secure.gravatar.com\/avatar\/cbcb92d2d459f60d1dc08d6e5973c6b0ed1017e8a3b51da0599e03841cfa81e6?s=96&d=mm&r=g","height":96,"width":96}},"publisher":{"@type":"Organization","name":"inton.cz","logo":{"@type":"ImageObject","@id":"\/logo.png","url":"\/logo.png","width":600,"height":60}},"image":{"@type":"ImageObject","@id":"https:\/\/www.inton.cz\/wp-content\/uploads\/img_a306095_w1927_t1517335874.jpg","url":"https:\/\/www.inton.cz\/wp-content\/uploads\/img_a306095_w1927_t1517335874.jpg","height":0,"width":0},"wordCount":585,"keywords":null},{"@type":"Article","@id":"https:\/\/www.inton.cz\/spolecne-to-zvladneme\/","headline":"Spole\u010dn\u011b to zvl\u00e1dneme","url":"https:\/\/www.inton.cz\/spolecne-to-zvladneme\/","datePublished":"2025-04-27","dateModified":"2025-04-27","mainEntityOfPage":"https:\/\/www.inton.cz\/spolecne-to-zvladneme\/","author":{"@type":"Person","@id":"https:\/\/www.inton.cz\/author\/#Person","name":"","url":"https:\/\/www.inton.cz\/author\/","identifier":1,"image":{"@type":"ImageObject","@id":"https:\/\/secure.gravatar.com\/avatar\/cbcb92d2d459f60d1dc08d6e5973c6b0ed1017e8a3b51da0599e03841cfa81e6?s=96&d=mm&r=g","url":"https:\/\/secure.gravatar.com\/avatar\/cbcb92d2d459f60d1dc08d6e5973c6b0ed1017e8a3b51da0599e03841cfa81e6?s=96&d=mm&r=g","height":96,"width":96}},"publisher":{"@type":"Organization","name":"inton.cz","logo":{"@type":"ImageObject","@id":"\/logo.png","url":"\/logo.png","width":600,"height":60}},"image":null,"wordCount":204,"keywords":null},{"@type":"Article","@id":"https:\/\/www.inton.cz\/led-zarovka\/","headline":"LED \u017e\u00e1rovka","url":"https:\/\/www.inton.cz\/led-zarovka\/","datePublished":"2025-04-21","dateModified":"2025-04-21","mainEntityOfPage":"https:\/\/www.inton.cz\/led-zarovka\/","author":{"@type":"Person","@id":"https:\/\/www.inton.cz\/author\/#Person","name":"","url":"https:\/\/www.inton.cz\/author\/","identifier":1,"image":{"@type":"ImageObject","@id":"https:\/\/secure.gravatar.com\/avatar\/cbcb92d2d459f60d1dc08d6e5973c6b0ed1017e8a3b51da0599e03841cfa81e6?s=96&d=mm&r=g","url":"https:\/\/secure.gravatar.com\/avatar\/cbcb92d2d459f60d1dc08d6e5973c6b0ed1017e8a3b51da0599e03841cfa81e6?s=96&d=mm&r=g","height":96,"width":96}},"publisher":{"@type":"Organization","name":"inton.cz","logo":{"@type":"ImageObject","@id":"\/logo.png","url":"\/logo.png","width":600,"height":60}},"image":null,"wordCount":216,"keywords":null},{"@type":"Article","@id":"https:\/\/www.inton.cz\/rekonstrukce-za-nejlepsich-cenovych-i-casovych-podminek\/","headline":"Rekonstrukce za nejlep\u0161\u00edch cenov\u00fdch i \u010dasov\u00fdch podm\u00ednek","url":"https:\/\/www.inton.cz\/rekonstrukce-za-nejlepsich-cenovych-i-casovych-podminek\/","datePublished":"2025-04-11","dateModified":"2025-04-11","mainEntityOfPage":"https:\/\/www.inton.cz\/rekonstrukce-za-nejlepsich-cenovych-i-casovych-podminek\/","author":{"@type":"Person","@id":"https:\/\/www.inton.cz\/author\/#Person","name":"","url":"https:\/\/www.inton.cz\/author\/","identifier":1,"image":{"@type":"ImageObject","@id":"https:\/\/secure.gravatar.com\/avatar\/cbcb92d2d459f60d1dc08d6e5973c6b0ed1017e8a3b51da0599e03841cfa81e6?s=96&d=mm&r=g","url":"https:\/\/secure.gravatar.com\/avatar\/cbcb92d2d459f60d1dc08d6e5973c6b0ed1017e8a3b51da0599e03841cfa81e6?s=96&d=mm&r=g","height":96,"width":96}},"publisher":{"@type":"Organization","name":"inton.cz","logo":{"@type":"ImageObject","@id":"\/logo.png","url":"\/logo.png","width":600,"height":60}},"image":null,"wordCount":201,"keywords":null},{"@type":"Article","@id":"https:\/\/www.inton.cz\/lekarna\/","headline":"L\u00e9k\u00e1rna","url":"https:\/\/www.inton.cz\/lekarna\/","datePublished":"2025-04-04","dateModified":"2025-04-04","mainEntityOfPage":"https:\/\/www.inton.cz\/lekarna\/","author":{"@type":"Person","@id":"https:\/\/www.inton.cz\/author\/#Person","name":"","url":"https:\/\/www.inton.cz\/author\/","identifier":1,"image":{"@type":"ImageObject","@id":"https:\/\/secure.gravatar.com\/avatar\/cbcb92d2d459f60d1dc08d6e5973c6b0ed1017e8a3b51da0599e03841cfa81e6?s=96&d=mm&r=g","url":"https:\/\/secure.gravatar.com\/avatar\/cbcb92d2d459f60d1dc08d6e5973c6b0ed1017e8a3b51da0599e03841cfa81e6?s=96&d=mm&r=g","height":96,"width":96}},"publisher":{"@type":"Organization","name":"inton.cz","logo":{"@type":"ImageObject","@id":"\/logo.png","url":"\/logo.png","width":600,"height":60}},"image":null,"wordCount":263,"keywords":null},{"@type":"Article","@id":"https:\/\/www.inton.cz\/elektronicke-cigarety\/","headline":"Elektronick\u00e9 cigarety","url":"https:\/\/www.inton.cz\/elektronicke-cigarety\/","datePublished":"2025-03-28","dateModified":"2025-03-28","mainEntityOfPage":"https:\/\/www.inton.cz\/elektronicke-cigarety\/","author":{"@type":"Person","@id":"https:\/\/www.inton.cz\/author\/#Person","name":"","url":"https:\/\/www.inton.cz\/author\/","identifier":1,"image":{"@type":"ImageObject","@id":"https:\/\/secure.gravatar.com\/avatar\/cbcb92d2d459f60d1dc08d6e5973c6b0ed1017e8a3b51da0599e03841cfa81e6?s=96&d=mm&r=g","url":"https:\/\/secure.gravatar.com\/avatar\/cbcb92d2d459f60d1dc08d6e5973c6b0ed1017e8a3b51da0599e03841cfa81e6?s=96&d=mm&r=g","height":96,"width":96}},"publisher":{"@type":"Organization","name":"inton.cz","logo":{"@type":"ImageObject","@id":"\/logo.png","url":"\/logo.png","width":600,"height":60}},"image":null,"wordCount":257,"keywords":null},{"@type":"Article","@id":"https:\/\/www.inton.cz\/anatomicky-tvarovany-polstar-chrani-predevsim-krcni-obratle\/","headline":"Anatomicky tvarovan\u00fd pol\u0161t\u00e1\u0159 chr\u00e1n\u00ed p\u0159edev\u0161\u00edm kr\u010dn\u00ed obratle","url":"https:\/\/www.inton.cz\/anatomicky-tvarovany-polstar-chrani-predevsim-krcni-obratle\/","datePublished":"2025-03-19","dateModified":"2025-03-19","mainEntityOfPage":"https:\/\/www.inton.cz\/anatomicky-tvarovany-polstar-chrani-predevsim-krcni-obratle\/","author":{"@type":"Person","@id":"https:\/\/www.inton.cz\/author\/#Person","name":"","url":"https:\/\/www.inton.cz\/author\/","identifier":1,"image":{"@type":"ImageObject","@id":"https:\/\/secure.gravatar.com\/avatar\/cbcb92d2d459f60d1dc08d6e5973c6b0ed1017e8a3b51da0599e03841cfa81e6?s=96&d=mm&r=g","url":"https:\/\/secure.gravatar.com\/avatar\/cbcb92d2d459f60d1dc08d6e5973c6b0ed1017e8a3b51da0599e03841cfa81e6?s=96&d=mm&r=g","height":96,"width":96}},"publisher":{"@type":"Organization","name":"inton.cz","logo":{"@type":"ImageObject","@id":"\/logo.png","url":"\/logo.png","width":600,"height":60}},"image":null,"wordCount":266,"keywords":null}]},{"@context":"https:\/\/schema.org","@type":"WebSite","@id":"https:\/\/www.inton.cz\/#website","name":"Inton","url":"https:\/\/www.inton.cz","potentialAction":{"@type":"SearchAction","target":"https:\/\/www.inton.cz\/?s={search_term_string}","query-input":"required name=search_term_string"}}]