[{"@context":"https:\/\/schema.org\/","@type":"Article","@id":"https:\/\/www.inton.cz\/kdy-do-duchodu\/#Article","mainEntityOfPage":"https:\/\/www.inton.cz\/kdy-do-duchodu\/","headline":"Kdy do d\u016fchodu","name":"Kdy do d\u016fchodu","description":"P\u0159em\u00fd\u0161l\u00edte nad touto slo\u017eitou ot\u00e1zkou, kter\u00e1 se v dne\u0161n\u00ed dob\u011b ji\u017e mus\u00ed \u0159e\u0161it, jinak byste mohli p\u0159ij\u00edt o cenn\u00fd d\u016fchod, kter\u00e9 se v\u00e1m bude hodit, a\u0165 jste jakkoliv bohat\u00ed? Odchod do d\u016fchodu je ot\u00e1zka, kterou byste m\u011bli \u0159e\u0161it daleko p\u0159edt\u00edm, ne\u017e tam v\u016fbec vstoup\u00edte. Nez\u00e1le\u017e\u00ed na tom, kolik berete, jakou m\u00e1te pr\u00e1ci a podobn\u011b. Kdy [&hellip;]","datePublished":"2025-03-11","dateModified":"2025-03-11","author":{"@type":"Person","@id":"https:\/\/www.inton.cz\/author\/#Person","name":"","url":"https:\/\/www.inton.cz\/author\/","identifier":1,"image":{"@type":"ImageObject","@id":"https:\/\/secure.gravatar.com\/avatar\/cbcb92d2d459f60d1dc08d6e5973c6b0ed1017e8a3b51da0599e03841cfa81e6?s=96&d=mm&r=g","url":"https:\/\/secure.gravatar.com\/avatar\/cbcb92d2d459f60d1dc08d6e5973c6b0ed1017e8a3b51da0599e03841cfa81e6?s=96&d=mm&r=g","height":96,"width":96}},"publisher":{"@type":"Organization","name":"inton.cz","logo":{"@type":"ImageObject","@id":"\/logo.png","url":"\/logo.png","width":600,"height":60}},"url":"https:\/\/www.inton.cz\/kdy-do-duchodu\/","wordCount":196,"articleBody":"P\u0159em\u00fd\u0161l\u00edte nad touto slo\u017eitou ot\u00e1zkou, kter\u00e1 se v dne\u0161n\u00ed dob\u011b ji\u017e mus\u00ed \u0159e\u0161it, jinak byste mohli p\u0159ij\u00edt o cenn\u00fd d\u016fchod, kter\u00e9 se v\u00e1m bude hodit, a\u0165 jste jakkoliv bohat\u00ed? Odchod do d\u016fchodu je ot\u00e1zka, kterou byste m\u011bli \u0159e\u0161it daleko p\u0159edt\u00edm, ne\u017e tam v\u016fbec vstoup\u00edte. Nez\u00e1le\u017e\u00ed na tom, kolik berete, jakou m\u00e1te pr\u00e1ci a podobn\u011b. Kdy do d\u016fchodu mus\u00edte \u0159e\u0161it, i k;dy\u017e m\u00e1te p\u0159\u00edjem jak\u00fdkoliv, proto\u017ee \u0161patn\u00e9 rozhodnut\u00ed by znamenalo m\u00e9n\u011b pen\u011bz a m\u00e9n\u011b v\u00fdhod. P\u0159em\u00fd\u0161lejte tak chyt\u0159e, a nechte si poradit, s n\u00e1mi u\u017e dosp\u011bjeme k z\u00e1v\u011bru. Nen\u00ed na co \u010dekat \u010c\u00edm d\u0159\u00edv za\u010dnete \u0159e\u0161it ot\u00e1zku odchod do d\u016fchodu, t\u00edm d\u0159\u00edv budete zn\u00e1t odpov\u011bdi. Porad\u00edme v\u00e1m se v\u0161emi va\u0161imi ot\u00e1zkami, a zajist\u00edme, abyste m\u011bli plynul\u00fd odchod do d\u016fchodu p\u0159esn\u011b takov\u00fd, jak byste cht\u011bli, co\u017e se v\u00e1m vyplat\u00ed, a nebudete muset m\u00edt starosti.                                                                                                                                                                                                                                                                                                                                                                                        5\/5 - (1 vote)        "},{"@context":"https:\/\/schema.org\/","@type":"BreadcrumbList","itemListElement":[{"@type":"ListItem","position":1,"name":"Kdy do d\u016fchodu","item":"https:\/\/www.inton.cz\/kdy-do-duchodu\/#breadcrumbitem"}]}]