[{"@context":"https:\/\/schema.org\/","@type":"Article","@id":"https:\/\/www.inton.cz\/prace-v-taxi\/#Article","mainEntityOfPage":"https:\/\/www.inton.cz\/prace-v-taxi\/","headline":"Pr\u00e1ce v taxi","name":"Pr\u00e1ce v taxi","description":"Mnoho lid\u00ed se posuzuje automobil, aby se potom dostali z m\u00edsta na m\u00edsto. J\u00e1 osobn\u011b si \u0159\u00edk\u00e1m, \u017ee kdybych nem\u011bla automobil, tak bych z toho byla opravdu hodn\u011b ne\u0161\u0165astn\u00e1. V\u00e1\u017en\u011b nev\u00edm, co bych d\u011blala, kdybych nemohla \u0159\u00eddit. M\u011b toti\u017e v prvn\u00ed\u00a0\u0159ad\u011b tak\u00e9 velice bav\u00ed \u0159\u00eddit automobil. Proto tak\u00e9 jsem cht\u011bla v\u017edycky d\u011blat taxik\u00e1\u0159ku. Bohu\u017eel, tohle [&hellip;]","datePublished":"2023-08-20","dateModified":"2024-06-20","author":{"@type":"Person","@id":"https:\/\/www.inton.cz\/author\/#Person","name":"","url":"https:\/\/www.inton.cz\/author\/","identifier":1,"image":{"@type":"ImageObject","@id":"https:\/\/secure.gravatar.com\/avatar\/cbcb92d2d459f60d1dc08d6e5973c6b0ed1017e8a3b51da0599e03841cfa81e6?s=96&d=mm&r=g","url":"https:\/\/secure.gravatar.com\/avatar\/cbcb92d2d459f60d1dc08d6e5973c6b0ed1017e8a3b51da0599e03841cfa81e6?s=96&d=mm&r=g","height":96,"width":96}},"publisher":{"@type":"Organization","name":"inton.cz","logo":{"@type":"ImageObject","@id":"\/logo.png","url":"\/logo.png","width":600,"height":60}},"image":{"@type":"ImageObject","@id":"https:\/\/www.inton.cz\/wp-content\/uploads\/taxi.jpg","url":"https:\/\/www.inton.cz\/wp-content\/uploads\/taxi.jpg","height":0,"width":0},"url":"https:\/\/www.inton.cz\/prace-v-taxi\/","about":["Auto"],"wordCount":400,"articleBody":"Mnoho lid\u00ed se posuzuje automobil, aby se potom dostali z m\u00edsta na m\u00edsto. J\u00e1 osobn\u011b si \u0159\u00edk\u00e1m, \u017ee kdybych nem\u011bla automobil, tak bych z toho byla opravdu hodn\u011b ne\u0161\u0165astn\u00e1. V\u00e1\u017en\u011b nev\u00edm, co bych d\u011blala, kdybych nemohla \u0159\u00eddit. M\u011b toti\u017e v prvn\u00ed\u00a0\u0159ad\u011b tak\u00e9 velice bav\u00ed \u0159\u00eddit automobil. Proto tak\u00e9 jsem cht\u011bla v\u017edycky d\u011blat taxik\u00e1\u0159ku. Bohu\u017eel, tohle mi ale nevy\u0161lo, proto\u017ee m\u00e9mu partnerovi se nel\u00edbilo, \u017ee bych taxik\u00e1\u0159i byla tak\u00e9 ve\u010der a tady si jednozna\u010dn\u011b pr\u00fd nemohu vybrat ka\u017ed\u00fd zam\u011bstnavatel, kter\u00fd by m\u011b zam\u011bstnal jako taxik\u00e1\u0159ku, tak po\u017eadoval, abych pr\u00e1v\u011b tak\u00e9 pracovala ve\u010der, abych pracovala na sm\u011bny. A m\u016fj partner m\u011b necht\u011bl pustit, \u017ee takhle nebudu pozd\u011b ve\u010der \u0159\u00eddit, proto\u017ee bydl\u00edme v Praze a partner m\u011bl strach, \u017ee se n\u011bkde vybour\u00e1me anebo \u017ee povezu n\u011bjak\u00e9ho \u010dlov\u011bka, kter\u00fd bude zl\u00fd nebo agresivn\u00ed, anebo kter\u00fd bude podnapil\u00fd. A v\u0161ichni v\u00edme, \u017ee kdy\u017e je n\u011bkdo podnapil\u00fd, tak tak\u00e9 samoz\u0159ejm\u011b m\u016f\u017ee b\u00fdt agresivn\u00ed, proto\u017ee jsem si \u0159ekla, \u017ee je nejlep\u0161\u00ed, kdy\u017e rad\u011bji budu d\u011blat n\u011bco jin\u00e9ho. Bohu\u017eel jsem nesehnala u\u017e nic, s \u010d\u00edm bych mohla jezdit. Rozv\u00e1\u017eet nikdy m\u011b nebavilo. Jednodu\u0161e jsem cht\u011bla pracovat s lidmi a d\u011blat taxik\u00e1\u0159ku. Nakonec to ale dopadlo tak, \u017ee vlastn\u011b rozv\u00e1\u017e\u00edm alespo\u0148 d\u011bti do \u0161koly a do \u0161kolky a ob\u010das tak\u00e9 partnera vyzvednul, ze zam\u011bstn\u00e1n\u00ed partnera toti\u017e pracuje i pozd\u011b do nosu a na tuhle mi dovolil, abych pro n\u011b n\u011bkdy v noci p\u0159ijela. No tohle je docela zaj\u00edmav\u00e9, jenom aby t\u0159eba partner. Charlie, \u017ee bych n\u011bkde v tax\u00edku potkala n\u011bjak\u00e9ho mu\u017ee, se kter\u00fdm bych mu utekla? Tohle ale nen\u00ed v\u016fbec pravda. J\u00e1 na tohle nejsem sv\u00e9ho partnera miluji a v\u016fbec bych ho neopustila jenom kv\u016fli tomu, \u017ee bych jezdila automobilem a d\u011blala bych taxi. A m\u00e1te u\u017e n\u011bjak\u00e9 zku\u0161enosti s taxi? T\u0159eba jste tak\u00e9 vlezli do tax\u00edku, kde to t\u0159eba p\u00e1chlo, nebo tam byla minim\u00e1ln\u00ed hygiena? M\u011b se to stalo u\u017e jednou\u00a0a \u0159eknu v\u00e1m, \u017ee je to velice nep\u0159\u00edjemn\u00e9.\u00a0                                                                                                                                                                                                                                                                                                                                                                                        2.7\/5 - (4 votes)        "},{"@context":"https:\/\/schema.org\/","@type":"BreadcrumbList","itemListElement":[{"@type":"ListItem","position":1,"name":"Pr\u00e1ce v taxi","item":"https:\/\/www.inton.cz\/prace-v-taxi\/#breadcrumbitem"}]}]