[{"@context":"https:\/\/schema.org\/","@type":"Article","@id":"https:\/\/www.inton.cz\/spolecne-to-zvladneme\/#Article","mainEntityOfPage":"https:\/\/www.inton.cz\/spolecne-to-zvladneme\/","headline":"Spole\u010dn\u011b to zvl\u00e1dneme","name":"Spole\u010dn\u011b to zvl\u00e1dneme","description":"Mo\u017en\u00e1 jste m\u011bli to velk\u00e9 \u0161t\u011bst\u00ed, \u017ee jste se stali majiteli dvou byt\u016f. V jednom bydl\u00edte, druh\u00fd jste doposud pronaj\u00edmali. Zat\u00edmco vy jste se o sv\u016fj byt velmi pe\u010dliv\u011b starali, n\u00e1jemn\u00edci v\u00e1m ten druh\u00fd, kter\u00fd jste pronaj\u00edmali, doslova takzvan\u011b \u201cvybydleli\u201d. Pokud byste r\u00e1di sv\u016fj byt nab\u00eddli dal\u0161\u00edm n\u00e1jemn\u00edk\u016fm nebo chcete d\u00e1le byt poskytnout n\u011bkter\u00e9mu \u010dlen\u016f [&hellip;]","datePublished":"2025-04-27","dateModified":"2025-04-27","author":{"@type":"Person","@id":"https:\/\/www.inton.cz\/author\/#Person","name":"","url":"https:\/\/www.inton.cz\/author\/","identifier":1,"image":{"@type":"ImageObject","@id":"https:\/\/secure.gravatar.com\/avatar\/cbcb92d2d459f60d1dc08d6e5973c6b0ed1017e8a3b51da0599e03841cfa81e6?s=96&d=mm&r=g","url":"https:\/\/secure.gravatar.com\/avatar\/cbcb92d2d459f60d1dc08d6e5973c6b0ed1017e8a3b51da0599e03841cfa81e6?s=96&d=mm&r=g","height":96,"width":96}},"publisher":{"@type":"Organization","name":"inton.cz","logo":{"@type":"ImageObject","@id":"\/logo.png","url":"\/logo.png","width":600,"height":60}},"url":"https:\/\/www.inton.cz\/spolecne-to-zvladneme\/","wordCount":160,"articleBody":" Mo\u017en\u00e1 jste m\u011bli to velk\u00e9 \u0161t\u011bst\u00ed, \u017ee jste se stali majiteli dvou byt\u016f. V jednom bydl\u00edte, druh\u00fd jste doposud pronaj\u00edmali. Zat\u00edmco vy jste se o sv\u016fj byt velmi pe\u010dliv\u011b starali, n\u00e1jemn\u00edci v\u00e1m ten druh\u00fd, kter\u00fd jste pronaj\u00edmali, doslova takzvan\u011b \u201cvybydleli\u201d. Pokud byste r\u00e1di sv\u016fj byt nab\u00eddli dal\u0161\u00edm n\u00e1jemn\u00edk\u016fm nebo chcete d\u00e1le byt poskytnout n\u011bkter\u00e9mu \u010dlen\u016f va\u0161\u00ed rodiny a pot\u0159ebujete jej p\u0159edt\u00edm zrekonstruovat, obra\u0165te se s d\u016fv\u011brou na rekonstrukce byt\u016f praha.Spole\u010dn\u00fdmi silami s v\u00e1mi rekonstrukce byt\u016f praha praha sestav\u00ed pl\u00e1n jednotliv\u00fdch \u00faprav, kter\u00e9 budou t\u0159eba v byt\u011b ud\u011blat, a to v\u010detn\u011b pokl\u00e1dky nov\u00fdch podlah, elektroinstalace, rekonstrukce a v\u00fdm\u011bny bytov\u00e9ho j\u00e1dra, zkr\u00e1tka v\u0161eho toho, co v\u00e1\u0161 rekonstruovan\u00fd byt bude pot\u0159ebovat.Nev\u00e1hejteNeprodlen\u011b kontaktujterekonstrukce byt\u016f praha.                                                                                                                                                                                                                                                                                                                                                                                                "},{"@context":"https:\/\/schema.org\/","@type":"BreadcrumbList","itemListElement":[{"@type":"ListItem","position":1,"name":"Spole\u010dn\u011b to zvl\u00e1dneme","item":"https:\/\/www.inton.cz\/spolecne-to-zvladneme\/#breadcrumbitem"}]}]