[{"@context":"https:\/\/schema.org\/","@type":"Article","@id":"https:\/\/www.inton.cz\/spotrebice-si-prohlizejte-zvenku-i-zevnitr-pekny-vzhled-neni-vse\/#Article","mainEntityOfPage":"https:\/\/www.inton.cz\/spotrebice-si-prohlizejte-zvenku-i-zevnitr-pekny-vzhled-neni-vse\/","headline":"Spot\u0159ebi\u010de si prohl\u00ed\u017eejte zvenku i zevnit\u0159  P\u011bkn\u00fd vzhled nen\u00ed v\u0161e","name":"Spot\u0159ebi\u010de si prohl\u00ed\u017eejte zvenku i zevnit\u0159  P\u011bkn\u00fd vzhled nen\u00ed v\u0161e","description":"&#8211;\u00a0\u00a0\u00a0\u00a0\u00a0\u00a0\u00a0\u00a0\u00a0 Zaujala V\u00e1s nov\u00e1 pra\u010dka, ledni\u010dka nebo mikrovlnka? Pozor na to, aby V\u00e1m nov\u00fd spot\u0159ebi\u010d dlouho a dob\u0159e slou\u017eil, mus\u00ed vyhovovat v\u0161echny funkce a praktick\u00e9 \u0159e\u0161en\u00ed. &#8211;\u00a0\u00a0\u00a0\u00a0\u00a0\u00a0\u00a0\u00a0\u00a0 U ledni\u010dek a mraz\u00e1k\u016f je d\u016fle\u017eit\u00e9 rozlo\u017een\u00ed a po\u010det \u0161upl\u00edk\u016f. &#8211;\u00a0\u00a0\u00a0\u00a0\u00a0\u00a0\u00a0\u00a0\u00a0 U mikrovlnek a jin\u00fdch trub sm\u011br otev\u00edr\u00e1n\u00ed dv\u00ed\u0159ek, d\u00e9lka a um\u00edst\u011bn\u00ed p\u0159\u00edvodn\u00edho kabelu. &#8211;\u00a0\u00a0\u00a0\u00a0\u00a0\u00a0\u00a0\u00a0\u00a0 U pra\u010dek velikost [&hellip;]","datePublished":"2025-08-26","dateModified":"2025-08-26","author":{"@type":"Person","@id":"https:\/\/www.inton.cz\/author\/#Person","name":"","url":"https:\/\/www.inton.cz\/author\/","identifier":1,"image":{"@type":"ImageObject","@id":"https:\/\/secure.gravatar.com\/avatar\/cbcb92d2d459f60d1dc08d6e5973c6b0ed1017e8a3b51da0599e03841cfa81e6?s=96&d=mm&r=g","url":"https:\/\/secure.gravatar.com\/avatar\/cbcb92d2d459f60d1dc08d6e5973c6b0ed1017e8a3b51da0599e03841cfa81e6?s=96&d=mm&r=g","height":96,"width":96}},"publisher":{"@type":"Organization","name":"inton.cz","logo":{"@type":"ImageObject","@id":"\/logo.png","url":"\/logo.png","width":600,"height":60}},"image":{"@type":"ImageObject","@id":"https:\/\/www.inton.cz\/wp-content\/uploads\/img_a294092_w2176_t1506015822.jpg","url":"https:\/\/www.inton.cz\/wp-content\/uploads\/img_a294092_w2176_t1506015822.jpg","height":0,"width":0},"url":"https:\/\/www.inton.cz\/spotrebice-si-prohlizejte-zvenku-i-zevnitr-pekny-vzhled-neni-vse\/","wordCount":383,"articleBody":"&#8211;\u00a0\u00a0\u00a0\u00a0\u00a0\u00a0\u00a0\u00a0\u00a0 Zaujala V\u00e1s nov\u00e1 pra\u010dka, ledni\u010dka nebo mikrovlnka? Pozor na to, aby V\u00e1m nov\u00fd spot\u0159ebi\u010d dlouho a dob\u0159e slou\u017eil, mus\u00ed vyhovovat v\u0161echny funkce a praktick\u00e9 \u0159e\u0161en\u00ed.&#8211;\u00a0\u00a0\u00a0\u00a0\u00a0\u00a0\u00a0\u00a0\u00a0 U ledni\u010dek a mraz\u00e1k\u016f je d\u016fle\u017eit\u00e9 rozlo\u017een\u00ed a po\u010det \u0161upl\u00edk\u016f.&#8211;\u00a0\u00a0\u00a0\u00a0\u00a0\u00a0\u00a0\u00a0\u00a0 U mikrovlnek a jin\u00fdch trub sm\u011br otev\u00edr\u00e1n\u00ed dv\u00ed\u0159ek, d\u00e9lka a um\u00edst\u011bn\u00ed p\u0159\u00edvodn\u00edho kabelu.&#8211;\u00a0\u00a0\u00a0\u00a0\u00a0\u00a0\u00a0\u00a0\u00a0 U pra\u010dek velikost bubnu a dv\u00ed\u0159ek a \u0159e\u0161en\u00ed n\u00e1sypky.&#8211;\u00a0\u00a0\u00a0\u00a0\u00a0\u00a0\u00a0\u00a0\u00a0 Tyto v\u0161echny rozm\u011bry jak\u00e9hokoli spot\u0159ebi\u010de jsou d\u016fle\u017eit\u00e9 k\u00a0um\u00edst\u011bn\u00ed v\u00a0kuchyni nebo t\u0159eba v\u00a0koupeln\u011b. P\u0159edejdete tak zbyte\u010dn\u00e9mu vr\u00e1cen\u00ed zbo\u017e\u00ed.Na jak\u00e9 kuchy\u0148sk\u00e9 detaily se zam\u011b\u0159it &#8211;\u00a0\u00a0\u00a0\u00a0\u00a0\u00a0\u00a0\u00a0\u00a0 Slad\u011bn\u00ed spot\u0159ebi\u010d\u016f spole\u010dn\u011b. To, \u017ee se n\u00e1m jich zamlouv\u00e1 v\u00edce druh\u016f, neznamen\u00e1, \u017ee k\u00a0sob\u011b budou ladit.&#8211;\u00a0\u00a0\u00a0\u00a0\u00a0\u00a0\u00a0\u00a0\u00a0 Volte spot\u0159ebi\u010de jedn\u00e9 modelov\u00e9 \u0159ady nebo alespo\u0148 stejn\u00e9ho v\u00fdrobce.&#8211;\u00a0\u00a0\u00a0\u00a0\u00a0\u00a0\u00a0\u00a0\u00a0 Nem\u00edchejte r\u016fzn\u00e9 styly ani barvy spot\u0159ebi\u010d\u016f.&#8211;\u00a0\u00a0\u00a0\u00a0\u00a0\u00a0\u00a0\u00a0\u00a0 Vyb\u00edrejte modely s\u00a0co nejpodobn\u011bj\u0161\u00edm \u0159e\u0161en\u00edm, aby m\u011bly podobnou velikost, zkosen\u00ed hran, stejn\u011b \u0159e\u0161en\u00e1 madla nebo t\u0159eba velikost a typ displeje.&#8211;\u00a0\u00a0\u00a0\u00a0\u00a0\u00a0\u00a0\u00a0\u00a0 \u010c\u00edm podobn\u011bj\u0161\u00ed budou t\u00edm l\u00e9pe.&#8211;\u00a0\u00a0\u00a0\u00a0\u00a0\u00a0\u00a0\u00a0\u00a0 V\u00fdrobci nab\u00edzej\u00ed i hotov\u00e9 cel\u00e9 sady jako nap\u0159\u00edklad trouba mikrovlnka nebo varn\u00e1 deska a digesto\u0159. Sety maj\u00ed slad\u011bn\u00e9 barvy i design.I na internetu m\u016f\u017eete detailn\u011b nakoupit &#8211;\u00a0\u00a0\u00a0\u00a0\u00a0\u00a0\u00a0\u00a0\u00a0 Spole\u010dnost spot\u0159ebi\u010de-whirlpool.cz ned\u00e1vno spustili takzvan\u00e9 oto\u010dn\u00e9 fotky o 360 stup\u0148\u016f. Spot\u0159ebi\u010de si prohl\u00e9dnete kolem dokola jedn\u00edm kliknut\u00edm na n\u011b. Pod\u00edv\u00e1te se t\u0159eba, jak se otev\u00edraj\u00ed a zav\u00edraj\u00ed dv\u00ed\u0159ka a jak\u00e9 je mno\u017estv\u00ed z\u00e1suvek, kter\u00e9 pot\u0159ebujete k\u00a0ulo\u017een\u00ed potravin.&#8211;\u00a0\u00a0\u00a0\u00a0\u00a0\u00a0\u00a0\u00a0\u00a0 Technika focen\u00ed z\u00e1vis\u00ed na velikosti spot\u0159ebi\u010de.&#8211;\u00a0\u00a0\u00a0\u00a0\u00a0\u00a0\u00a0\u00a0\u00a0 Men\u0161\u00ed spot\u0159ebi\u010de se polo\u017e\u00ed na to\u010dnu podobnou b\u011b\u017en\u00e9mu stolu a nafot\u00ed se s\u00e9rie z\u00e1b\u011br\u016f.&#8211;\u00a0\u00a0\u00a0\u00a0\u00a0\u00a0\u00a0\u00a0\u00a0 U v\u011bt\u0161\u00edch nap\u0159\u00edklad u ledni\u010dek se pou\u017eije oto\u010dn\u00e9 fotografick\u00e9 rameno.&#8211;\u00a0\u00a0\u00a0\u00a0\u00a0\u00a0\u00a0\u00a0\u00a0 Hotov\u00e9 z\u00e1b\u011bry zpracuje po\u010d\u00edta\u010d do podoby, kterou pak vid\u00edte na webu a z\u00a0kter\u00fdch si pak vyb\u00edr\u00e1te.&#8211;\u00a0\u00a0\u00a0\u00a0\u00a0\u00a0\u00a0\u00a0\u00a0 Brzy u\u017e tato novinka nebude jenom jednotnou z\u00e1le\u017eitost\u00ed.\u00a0                                                                                                                                                                                                                                                                                                                                                                                        5\/5 - (1 vote)        "},{"@context":"https:\/\/schema.org\/","@type":"BreadcrumbList","itemListElement":[{"@type":"ListItem","position":1,"name":"Spot\u0159ebi\u010de si prohl\u00ed\u017eejte zvenku i zevnit\u0159  P\u011bkn\u00fd vzhled nen\u00ed v\u0161e","item":"https:\/\/www.inton.cz\/spotrebice-si-prohlizejte-zvenku-i-zevnitr-pekny-vzhled-neni-vse\/#breadcrumbitem"}]}]