[{"@context":"https:\/\/schema.org\/","@type":"Article","@id":"https:\/\/www.inton.cz\/vysoke-zabradli\/#Article","mainEntityOfPage":"https:\/\/www.inton.cz\/vysoke-zabradli\/","headline":"Vysok\u00e9 z\u00e1bradl\u00ed","name":"Vysok\u00e9 z\u00e1bradl\u00ed","description":"Pokud chyst\u00e1te stav\u011bt d\u016fm anebo se chyst\u00e1te pro n\u011bjakou velikou rekonstrukci, tak bych si vzala n\u011bjak\u00e9ho odborn\u00edka, kter\u00fd by mi v\u0161echno \u0159ekl, jak udr\u017eovat d\u016fm anebo byt opravdu bezpe\u010dn\u00fd. A tak\u00e9 byt opravdu v po\u0159\u00e1dku. Je toti\u017e opravdu hodn\u011b zp\u016fsob\u016f, jak m\u016f\u017eete t\u0159eba ud\u011blat d\u016fm anebo byt, aby t\u0159eba byl bezpe\u010dn\u00fd. J\u00e1 bych v prvn\u00ed [&hellip;]","datePublished":"2024-05-17","dateModified":"2024-06-17","author":{"@type":"Person","@id":"https:\/\/www.inton.cz\/author\/#Person","name":"","url":"https:\/\/www.inton.cz\/author\/","identifier":1,"image":{"@type":"ImageObject","@id":"https:\/\/secure.gravatar.com\/avatar\/cbcb92d2d459f60d1dc08d6e5973c6b0ed1017e8a3b51da0599e03841cfa81e6?s=96&d=mm&r=g","url":"https:\/\/secure.gravatar.com\/avatar\/cbcb92d2d459f60d1dc08d6e5973c6b0ed1017e8a3b51da0599e03841cfa81e6?s=96&d=mm&r=g","height":96,"width":96}},"publisher":{"@type":"Organization","name":"inton.cz","logo":{"@type":"ImageObject","@id":"\/logo.png","url":"\/logo.png","width":600,"height":60}},"image":{"@type":"ImageObject","@id":"https:\/\/www.inton.cz\/wp-content\/uploads\/balcony-2396419_960_720.jpg","url":"https:\/\/www.inton.cz\/wp-content\/uploads\/balcony-2396419_960_720.jpg","height":0,"width":0},"url":"https:\/\/www.inton.cz\/vysoke-zabradli\/","about":["Zbo\u017e\u00ed"],"wordCount":435,"articleBody":"   Pokud chyst\u00e1te stav\u011bt d\u016fm anebo se chyst\u00e1te pro n\u011bjakou velikou rekonstrukci, tak bych si vzala n\u011bjak\u00e9ho odborn\u00edka, kter\u00fd by mi v\u0161echno \u0159ekl, jak udr\u017eovat d\u016fm anebo byt opravdu bezpe\u010dn\u00fd. A tak\u00e9 byt opravdu v po\u0159\u00e1dku. Je toti\u017e opravdu hodn\u011b zp\u016fsob\u016f, jak m\u016f\u017eete t\u0159eba ud\u011blat d\u016fm anebo byt, aby t\u0159eba byl bezpe\u010dn\u00fd. J\u00e1 bych v prvn\u00ed \u0159ad\u011b dbala hlavn\u011b na z\u00e1bradl\u00ed, a hlavn\u011b pokud m\u00e1te balkon anebo v\u00edce balkon\u016f, tak bych hlavn\u011b dbala na z\u00e1bradl\u00ed na balkon. V\u00edce informac\u00ed o z\u00e1bradl\u00ed na balkon se dozv\u00edte na webov\u00e9 str\u00e1nce kmdesign.cz. Najdete tam nejenom z\u00e1bradl\u00ed na balkon, ale tak\u00e9 nap\u0159\u00edklad kr\u00e1sn\u00e9 z\u00e1bradl\u00ed na terasu. Terasov\u00e1 z\u00e1bradl\u00ed se mi tak\u00e9 l\u00edb\u00ed a tohle u\u017e u n\u00e1s na zahrad\u011b m\u00e1me. My m\u00e1me dv\u011b terasy a na ka\u017ed\u00e9 terase m\u00e1me tak\u00e9 terasov\u00e9 z\u00e1bradl\u00ed. J\u00e1 si toti\u017e absolutn\u011b nedok\u00e1\u017ei p\u0159edstavit, kdyby mi tam t\u0159eba n\u011bkdo spadl. Ta terasa je vysok\u00e1 metr a p\u016fl a v\u00edm, \u017ee i z takov\u00e9to mal\u00e9 v\u00fd\u0161ky se \u010dlov\u011bk m\u016f\u017ee zab\u00edt anebo po\u0159\u00e1dn\u011b zranit. M\u016f\u017ee se zlomit ob\u011b nohy nebo ob\u011b ruce a potom bude nebezpe\u010d\u00ed a ne\u0161t\u011bst\u00ed na sv\u011bt\u011b, tak\u017ee u n\u00e1s z\u00e1bradl\u00ed na balkon byla volba opravdu \u010d\u00edslo jedna. Cht\u011bli jsme n\u011bjak\u00e9 v\u011bci. I kdy\u017e odborn\u00edci doporu\u010dovali n\u00edzk\u00e9, \u017ee to sta\u010d\u00ed, ale my kv\u016fli d\u011btem a tak\u00e9 kv\u016fli na\u0161\u00ed ko\u010dce chceme alespo\u0148 o p\u016fl metru vy\u0161\u0161\u00ed z\u00e1bradl\u00ed.Chceme, aby to m\u011blo sto osmdes\u00e1t centimetr\u016f. P\u0159esn\u011b takhle je vysok\u00fd m\u016fj partner a j\u00e1 chci, aby to takhle bylo a je mi \u00fapln\u011b jedno, \u017ee se na mi n\u011bkdo bude sm\u00e1t, \u017ee m\u00e1me vysok\u00e9 z\u00e1bradl\u00ed na balkon. J\u00e1 to m\u00e1m hlavn\u011b pro svou bezpe\u010dnost. T\u0159eba \u010dasem, a\u017e d\u011bti vyrostou. Tak to t\u0159eba zkr\u00e1t\u00edme o ten metr, ale v dne\u0161n\u00ed dob\u011b zat\u00edm chci opravdu vysok\u00e9. My bydl\u00edme ve t\u0159et\u00edm pat\u0159e, a tak nechci, aby se stala potom n\u011bjak\u00e1 nehoda. Nav\u00edc my m\u00e1me velikou terasu i balkon a ob\u010das tam po\u0159\u00e1d\u00e1me r\u016fzn\u00e9 alkoholick\u00e9 d\u00fdch\u00e1nky. A mysl\u00edm si, \u017ee n\u011bkdo opil\u00fd by z n\u011bjak\u00e9ho n\u00edzk\u00e9ho balkonu mohl ihned rychle p\u0159epadnout.                                                                                                                                                                                                                                                                                                                                                                                           4.5\/5 - (6 votes)        "},{"@context":"https:\/\/schema.org\/","@type":"BreadcrumbList","itemListElement":[{"@type":"ListItem","position":1,"name":"Vysok\u00e9 z\u00e1bradl\u00ed","item":"https:\/\/www.inton.cz\/vysoke-zabradli\/#breadcrumbitem"}]}]