[{"@context":"https:\/\/schema.org\/","@type":"Article","@id":"https:\/\/www.inton.cz\/zvirata-na-zahrade\/#Article","mainEntityOfPage":"https:\/\/www.inton.cz\/zvirata-na-zahrade\/","headline":"Zv\u00ed\u0159ata na zahrad\u011b","name":"Zv\u00ed\u0159ata na zahrad\u011b","description":"J\u00e1 si mysl\u00edm, \u017ee bez zv\u00ed\u0159at by to byla doma \u00fapln\u00e1 nuda. A pokud bydl\u00edte n\u011bkde na statku anebo kde je opravdu hodn\u011b m\u00edsta, tak p\u0159edpokl\u00e1d\u00e1m, \u017ee budete m\u00edt asi spoustu zv\u00ed\u0159at. Tedy samoz\u0159ejm\u011b, nen\u00ed to v\u016fbec podm\u00ednka. Nen\u00ed podm\u00ednkou to, \u017ee kdy\u017e m\u00e1te opravdu velik\u00fd d\u016fm se zahradou, \u017ee mus\u00edte m\u00edt tak\u00e9 zv\u00ed\u0159ata, tohle [&hellip;]","datePublished":"2024-01-13","dateModified":"2024-01-13","author":{"@type":"Person","@id":"https:\/\/www.inton.cz\/author\/#Person","name":"","url":"https:\/\/www.inton.cz\/author\/","identifier":1,"image":{"@type":"ImageObject","@id":"https:\/\/secure.gravatar.com\/avatar\/cbcb92d2d459f60d1dc08d6e5973c6b0ed1017e8a3b51da0599e03841cfa81e6?s=96&d=mm&r=g","url":"https:\/\/secure.gravatar.com\/avatar\/cbcb92d2d459f60d1dc08d6e5973c6b0ed1017e8a3b51da0599e03841cfa81e6?s=96&d=mm&r=g","height":96,"width":96}},"publisher":{"@type":"Organization","name":"inton.cz","logo":{"@type":"ImageObject","@id":"\/logo.png","url":"\/logo.png","width":600,"height":60}},"image":{"@type":"ImageObject","@id":"https:\/\/www.inton.cz\/wp-content\/uploads\/bulldog-1047518_1280.jpg","url":"https:\/\/www.inton.cz\/wp-content\/uploads\/bulldog-1047518_1280.jpg","height":0,"width":0},"url":"https:\/\/www.inton.cz\/zvirata-na-zahrade\/","about":["Zv\u00ed\u0159ata"],"wordCount":477,"articleBody":"J\u00e1 si mysl\u00edm, \u017ee bez zv\u00ed\u0159at by to byla doma \u00fapln\u00e1 nuda. A pokud bydl\u00edte n\u011bkde na statku anebo kde je opravdu hodn\u011b m\u00edsta, tak p\u0159edpokl\u00e1d\u00e1m, \u017ee budete m\u00edt asi spoustu zv\u00ed\u0159at. Tedy samoz\u0159ejm\u011b, nen\u00ed to v\u016fbec podm\u00ednka. Nen\u00ed podm\u00ednkou to, \u017ee kdy\u017e m\u00e1te opravdu velik\u00fd d\u016fm se zahradou, \u017ee mus\u00edte m\u00edt tak\u00e9 zv\u00ed\u0159ata, tohle v\u016fbec nen\u00ed pravda. Ale zjistila jsem, \u017ee lid\u00e9 na vesnici v\u011bt\u0161inou chovaj\u00ed ko\u010dky a psy. Potom tak\u00e9 hospod\u00e1\u0159sk\u00e1 zv\u00ed\u0159ata, jako nap\u0159\u00edklad slepice, proto\u017ee slepice jsou opravdu hodn\u011b praktick\u00e9, m\u00e1te ze sl\u00edpek\u00a0opravdu velik\u00fd u\u017eitek. J\u00e1 sama jsem si \u0159\u00edkala, \u017ee kdybych m\u011bla opravdu velik\u00fd d\u016fm a velikou zahradu, v\u017edy bych ur\u010dit\u011b cht\u011bla chovat slepice. Jak slepice anebo tak\u00e9 husy. Ale tak\u00e9 samoz\u0159ejm\u011b bych cht\u011bla n\u011bkolik ko\u010dek. J\u00e1 toti\u017e ko\u010dky opravdu hodn\u011b miluji, ko\u010dky zbo\u017e\u0148uji. Tak\u017ee bych si p\u0159\u00e1la, abych m\u011bla doma alespo\u0148 p\u011bt\u00a0ko\u010di\u010dek. Jenom\u017ee kdy\u017e jsem tohle \u0159ekla partnerovi, \u017ee bych si p\u0159\u00e1la m\u00edt opravdu hodn\u011b ko\u010dek, tak tomu se je\u017eily vlasy hr\u016fzou. Proto\u017ee\u00a0m\u016fj partner mi \u0159ekl, \u017ee tolik ko\u010dek rozhodn\u011b doma nechce, maxim\u00e1ln\u011b jednu\u00a0ko\u010dku. S t\u00edmhle jsem ale zase nesouhlasila j\u00e1, tak\u017ee jsme si \u0159ekli, \u017ee maxim\u00e1ln\u011b dv\u011b\u00a0ko\u010dky a dost. Mysl\u00edm si, \u017ee bych ho ale i na dal\u0161\u00ed mo\u017en\u00e1 ukecala, ale nech\u00e1m to osudu. Zat\u00edm je\u0161t\u011b nem\u00e1me velik\u00fd d\u016fm a zahradu, abychom si mohli po\u0159\u00eddit tolik zv\u00ed\u0159at.Akor\u00e1t m\u011b pot\u011b\u0161ilo a moc se mi l\u00edb\u00ed, \u017ee partner se mnou souhlas\u00ed v tom, \u017ee bychom si mohli po\u0159\u00eddit tak\u00e9 slepice, proto\u017ee j\u00e1 jsem zvykl\u00e1 na slepice, moje prarodi\u010de i praprarodi\u010de i moji rodi\u010de v\u017edycky m\u011bli na zahrad\u011b slepice, m\u011bli tam takov\u00fd mal\u00fd kurn\u00edk a velk\u00fd v\u00fdb\u011bh, kde slepi\u010dky si mohly na zobat tr\u00e1vu anebo n\u011bjak\u00e9 brou\u010dky, larvy a tak podobn\u011b. Potom jsem si \u0159ekla, \u017ee je nejlep\u0161\u00ed, kdy\u017e i lid\u00e9 si uv\u011bdom\u00ed, jak\u00e9 zv\u00ed\u0159e doma chovaj\u00ed, aby tak\u00e9 v\u011bd\u011bli, jak o zv\u00ed\u0159e spr\u00e1vn\u011b pe\u010dovat. Nen\u00ed toti\u017e vhodn\u00e9, \u017ee kdy\u017e m\u00e1te n\u011bjak\u00e9 zv\u00ed\u0159e a potom zjist\u00edte, \u017ee v\u016fbec nev\u00edte, jak ho krmit. Anebo jak psa vycvi\u010dit? Nel\u00edb\u00ed se mi, kdy\u017e n\u011bkdo po\u0159\u00edd\u00ed velik\u00e9ho psa a potom ho nezvl\u00e1dne. Mysl\u00edm si, \u017ee ka\u017ed\u00fd \u010dlov\u011bk by si m\u011bl vz\u00edt takov\u00e9ho psa, na kter\u00e9ho m\u00e1 s\u00edly a na kter\u00e9ho m\u00e1 energii.\u00a0                                                                                                                                                                                                                                                                                                                                                                                        4.9\/5 - (9 votes)        "},{"@context":"https:\/\/schema.org\/","@type":"BreadcrumbList","itemListElement":[{"@type":"ListItem","position":1,"name":"Zv\u00ed\u0159ata na zahrad\u011b","item":"https:\/\/www.inton.cz\/zvirata-na-zahrade\/#breadcrumbitem"}]}]